{"id":8220,"date":"2024-06-13T11:53:26","date_gmt":"2024-06-13T15:53:26","guid":{"rendered":"https:\/\/www.criaq.aero\/?p=8220"},"modified":"2025-07-24T10:03:37","modified_gmt":"2025-07-24T14:03:37","slug":"corridair","status":"publish","type":"post","link":"https:\/\/www.criaq.aero\/en\/corridair\/","title":{"rendered":"Projet CORRIDAIR : 2 millions de dollars accord\u00e9s par le Qu\u00e9bec pour la mobilit\u00e9 a\u00e9rienne durable"},"content":{"rendered":"<p><img decoding=\"async\" class=\"alignnone wp-image-8221 lazyload\" data-src=\"https:\/\/www.criaq.aero\/wp-content\/uploads\/2024\/06\/Vertiko_Mobilite-300x119.webp\" alt=\"\" width=\"174\" height=\"69\" data-srcset=\"https:\/\/www.criaq.aero\/wp-content\/uploads\/2024\/06\/Vertiko_Mobilite-300x119.webp 300w, https:\/\/www.criaq.aero\/wp-content\/uploads\/2024\/06\/Vertiko_Mobilite.webp 342w\" data-sizes=\"(max-width: 174px) 100vw, 174px\" src=\"data:image\/svg+xml;base64,PHN2ZyB3aWR0aD0iMSIgaGVpZ2h0PSIxIiB4bWxucz0iaHR0cDovL3d3dy53My5vcmcvMjAwMC9zdmciPjwvc3ZnPg==\" style=\"--smush-placeholder-width: 174px; --smush-placeholder-aspect-ratio: 174\/69;\" \/>\u00a0 \u00a0 \u00a0 \u00a0 \u00a0<img decoding=\"async\" class=\"alignnone wp-image-8223 lazyload\" data-src=\"https:\/\/www.criaq.aero\/wp-content\/uploads\/2024\/06\/Jaunt_logo_no_box-300x44.jpg\" alt=\"\" width=\"225\" height=\"33\" data-srcset=\"https:\/\/www.criaq.aero\/wp-content\/uploads\/2024\/06\/Jaunt_logo_no_box-300x44.jpg 300w, https:\/\/www.criaq.aero\/wp-content\/uploads\/2024\/06\/Jaunt_logo_no_box-1024x151.jpg 1024w, https:\/\/www.criaq.aero\/wp-content\/uploads\/2024\/06\/Jaunt_logo_no_box-768x113.jpg 768w, https:\/\/www.criaq.aero\/wp-content\/uploads\/2024\/06\/Jaunt_logo_no_box.jpg 1421w\" data-sizes=\"(max-width: 225px) 100vw, 225px\" src=\"data:image\/svg+xml;base64,PHN2ZyB3aWR0aD0iMSIgaGVpZ2h0PSIxIiB4bWxucz0iaHR0cDovL3d3dy53My5vcmcvMjAwMC9zdmciPjwvc3ZnPg==\" style=\"--smush-placeholder-width: 225px; --smush-placeholder-aspect-ratio: 225\/33;\" \/><\/p>\n<p><strong>Vertiko Mobilit\u00e9 et Jaunt Air Mobility se sont vu accord\u00e9 un soutien financier \u00e0 hauteur de 2 millions de dollars sur les 4,55 millions de dollars pour acc\u00e9l\u00e9rer le d\u00e9veloppement de la mobilit\u00e9 a\u00e9rienne avanc\u00e9e et permettre de d\u00e9velopper des mod\u00e8les d\u2019affaires li\u00e9s aux drones et aux taxis a\u00e9riens.<\/strong>Saint-Donat, Quebec; Dallas, TX &#8211; June 13, 2024 &#8211; \u00c0 la suite de l&#8217;annonce du lancement du projet CORRIDAIR le 8 septembre 2023, dans le cadre de l&#8217;\u00e9v\u00e9nement Volaria, Vertiko Mobilit\u00e9 et Jaunt Air Mobility se sont associ\u00e9s pour identifier les diff\u00e9rents aspects techniques et technologiques n\u00e9cessaires \u00e0 la mise en place d&#8217;une infrastructure pour l&#8217;exploitation commerciale de drones effectuant des vols BVLOS (Beyond Visual Line of Sight).Le d\u00e9veloppement de l&#8217;\u00e9cosyst\u00e8me, compos\u00e9 de Vertiko Mobilit\u00e9, Jaunt Air Mobility, Thales, CAE, ASDR, Ta\u00efga Telecom, Drone Express, SCI Canada et des partenaires immobiliers, a \u00e9t\u00e9 soutenu par le Consortium de recherche et d&#8217;innovation en a\u00e9rospatiale au Qu\u00e9bec (CRIAQ). &#8220;Le CRIAQ a soulign\u00e9 l&#8217;ambition et l&#8217;approche collaborative de l&#8217;\u00e9quipe et a vu dans le projet une plateforme pour aborder les questions d&#8217;acceptabilit\u00e9 sociale sur le terrain. La mobilit\u00e9 a\u00e9rienne avanc\u00e9e doit tenir compte de ces dimensions dans son d\u00e9veloppement &#8220;, souligne Guillaume C\u00f4t\u00e9, pr\u00e9sident-directeur g\u00e9n\u00e9ral du CRIAQ.<br \/>\nLe 12 f\u00e9vrier dernier, Vertiko et Jaunt, accompagn\u00e9s du Consortium de recherche et d&#8217;innovation en a\u00e9rospatiale au Qu\u00e9bec, ont re\u00e7u une r\u00e9ponse positive du minist\u00e8re de l&#8217;\u00c9conomie, de l&#8217;Innovation et de l&#8217;\u00c9nergie pour une aide financi\u00e8re non remboursable pouvant atteindre 2 millions de dollars sur un co\u00fbt total de projet de 4,55 millions de dollars. L&#8217;objectif est de tester, sur un corridor de recherche et d\u00e9veloppement entre Joliette et Manawan (CORRIDAIR), les infrastructures n\u00e9cessaires pour effectuer des vols de drones BVLOS en toute s\u00e9curit\u00e9.&#8221;Le projet CORRIDAIR est une \u00e9tape importante pour placer le Qu\u00e9bec \u00e0 l&#8217;avant-garde des technologies de drones et des taxis a\u00e9riens. En investissant dans ces infrastructures, non seulement nous faisons progresser la technologie, mais nous ouvrons la voie \u00e0 des mod\u00e8les d&#8217;affaires viables et durables, capables de r\u00e9pondre aux besoins des r\u00e9gions isol\u00e9es &#8220;, a d\u00e9clar\u00e9 Pierre Fitzgibbon, ministre de l&#8217;\u00c9conomie, de l&#8217;Innovation et de l&#8217;\u00c9nergie, ministre responsable du D\u00e9veloppement \u00e9conomique r\u00e9gional et ministre responsable de la r\u00e9gion m\u00e9tropolitaine de Montr\u00e9al.&#8221;Je suis fier de voir le projet CORRIDAIR exp\u00e9riment\u00e9 dans la r\u00e9gion de Joliette. Cette collaboration illustre \u00e0 quel point il est possible d&#8217;innover en combinant les forces de diff\u00e9rents intervenants. F\u00e9licitations \u00e0 Vertiko Mobilit\u00e9 et \u00e0 Jaunt Air Mobilit\u00e9 pour ce partenariat qui aura des retomb\u00e9es prometteuses pour nos r\u00e9gions &#8220;, ajoute le d\u00e9put\u00e9 de Joliette, Fran\u00e7ois St-Louis.&#8221;La mise en oeuvre du projet dans ce secteur pr\u00e9cis devrait permettre, \u00e0 terme, le transport par drone d&#8217;\u00e9quipements essentiels entre l&#8217;h\u00f4pital de Joliette et la communaut\u00e9 de la Premi\u00e8re Nation Atikamekw de Manawan. Cela r\u00e9pond \u00e0 un r\u00e9el besoin d&#8217;accessibilit\u00e9 et nous croyons que la pertinence de nos d\u00e9veloppements s&#8217;en trouvera renforc\u00e9e, favorisant ainsi la p\u00e9rennit\u00e9 de l&#8217;initiative &#8220;, affirme John Valley, pr\u00e9sident de Vertiko Mobilit\u00e9.Thales, acteur majeur de l&#8217;int\u00e9gration de le domaine de l\u2019AAM Advanced Air Mobility) et leader mondial de l&#8217;ATM (Air Traffic Management), s&#8217;est joint \u00e0 l&#8217;\u00e9quipe de collaborateurs du projet. Thales est le partenaire technologique de Vantis, le syst\u00e8me de services du Dakota du Nord permettant les op\u00e9rations BVLOS UAS \u00e0 travers le Northern Plains UAS Test Site (NPUASTS). Avec Vantis, Thales apporte son savoir-faire sp\u00e9cifique en mati\u00e8re de BVLOS et des donn\u00e9es valid\u00e9es pour faire progresser l&#8217;\u00e9cosyst\u00e8me cr\u00e9\u00e9 par Vertiko Mobilit\u00e9 tout en maximisant le retour sur investissement. &#8220;Il est extr\u00eamement gratifiant de travailler avec une r\u00e9f\u00e9rence comme Thales dans le cadre d&#8217;un accord de collaboration qui nous m\u00e8nera \u00e0 la vision 2030 de Vertiko Mobilit\u00e9 &#8220;, d\u00e9clare Yannick Richard, vice-pr\u00e9sident ex\u00e9cutif de Vertiko Mobilit\u00e9.<br \/>\n&#8220;Nous sommes ravis de collaborer avec Vertiko Mobilit\u00e9 et Jaunt Air Mobility pour d\u00e9velopper des mod\u00e8les d&#8217;affaires r\u00e9els et \u00e9conomiquement viables pour l&#8217;industrie de l&#8217;AAM. Leur vision de la feuille de route 2030 est ambitieuse, et nous sommes impatients d&#8217;apporter notre expertise du monde r\u00e9el &#8220;, d\u00e9clare Fadi Ghourani, directeur de l&#8217;engagement des partenaires, ATC et solutions num\u00e9riques pour l&#8217;aviation &#8211; Am\u00e9riques, Thales.Pour Jaunt Air Mobility, l&#8217;attribution par le gouvernement du Qu\u00e9bec d&#8217;une aide financi\u00e8re pour ce projet est un signal important de la volont\u00e9 de voir se mettre en place des infrastructures permettant de rendre possibles les services commerciaux de drones et d&#8217;eVTOL sur le territoire provincial. &#8220;Depuis la cr\u00e9ation de Jaunt Air Mobility, notre objectif est de rendre les eVTOLs aussi tangibles que possible. D\u00e9velopper les appareils est une chose, mais si on ne les int\u00e8gre pas dans un syst\u00e8me d&#8217;exploitation, cela restera une technologie inaccessible et difficile \u00e0 faire accepter par la soci\u00e9t\u00e9. C&#8217;est cet objectif qui a scell\u00e9 d\u00e8s le d\u00e9part le partenariat entre Jaunt Air Mobility et Vertiko Mobilit\u00e9 &#8220;, affirme \u00c9ric C\u00f4t\u00e9, pr\u00e9sident de Jaunt Air Mobility Canada.<strong>A propos de CORRIDAIR<\/strong>Le projet vise \u00e0 mettre en place un corridor a\u00e9rien exp\u00e9rimental entre Joliette et Manawan afin de d\u00e9montrer des technologies de vols automatis\u00e9s hors ligne de vue (BVLOS) \u00e0 faible risque pour la livraison de biens et services essentiels dans des r\u00e9gions isol\u00e9es.Le d\u00e9veloppement, l&#8217;int\u00e9gration et l&#8217;exp\u00e9rimentation des solutions propos\u00e9es dans le projet permettront \u00e0 terme d&#8217;offrir un service d&#8217;utilit\u00e9 publique plus robuste et moins co\u00fbteux que les solutions existantes.<strong>A propos de Vertiko Mobility<\/strong>Vertiko Mobility est une entreprise qu\u00e9b\u00e9coise cr\u00e9\u00e9e en 2021, soutenue par un holding et des investisseurs qu\u00e9b\u00e9cois, dont la vision est de reconnecter les r\u00e9gions aux centres urbains par la cr\u00e9ation d&#8217;un r\u00e9seau de vertiports sur l&#8217;ensemble du territoire qu\u00e9b\u00e9cois et de r\u00e9seaux locaux pour les m\u00e9tropoles (mobilit\u00e9 a\u00e9rienne avanc\u00e9e). Pour rendre ce mod\u00e8le d&#8217;affaires accessible, Vertiko Mobilit\u00e9 a pour mission de cr\u00e9er un \u00e9cosyst\u00e8me d&#8217;entreprises de pointe et de mettre en place une strat\u00e9gie immobili\u00e8re innovante qui permettra d&#8217;accueillir le r\u00e9seau de vertiports au fur et \u00e0 mesure de son d\u00e9veloppement. Visitez le site web de Vertiko pour plus d&#8217;informations : www.vertikomobilite.caYannick Richard, Executive VP, Vertiko Mobilit\u00e9<br \/>\n+1 819 856 0940<br \/>\nYannick.richard@vertikomobilite.ca<strong>A propos de Jaunt<\/strong>Jaunt Air Mobility est une entreprise a\u00e9rospatiale transformatrice dont le si\u00e8ge social se trouve \u00e0 Dallas, au Texas, et dont la conception et la fabrication sont situ\u00e9es \u00e0 Montr\u00e9al, au Canada. Jaunt construit la prochaine g\u00e9n\u00e9ration d&#8217;avions eVTOL (d\u00e9collage et atterrissage verticaux \u00e9lectriques) et d&#8217;avions VTOL hybrides-\u00e9lectriques pour des d\u00e9placements plus rapides, plus silencieux et plus s\u00fbrs au-dessus des zones urbaines, pour le transport de personnes et de marchandises. Jaunt est le leader mondial du d\u00e9veloppement de la technologie SRC (Slowed Rotor Compound). Jaunt s&#8217;est associ\u00e9 \u00e0 des partenaires a\u00e9rospatiaux de premier plan pour d\u00e9velopper le Journey et travailler avec des op\u00e9rateurs mondiaux afin d&#8217;offrir cette nouvelle forme de voyage. Jaunt propose un a\u00e9ronef efficace sur le plan op\u00e9rationnel et dont l&#8217;empreinte carbone est nulle. Jaunt est une marque mondiale reconnue d&#8217;AIRO Group Holdings, Inc. (&#8220;AIRO&#8221;). AIRO est une entreprise de taille moyenne dans le domaine de l&#8217;a\u00e9rospatiale et de la d\u00e9fense qui propose des technologies et des services de pointe en mati\u00e8re de mobilit\u00e9 a\u00e9rienne \u00e9lectrique, d&#8217;avionique avanc\u00e9e, de syst\u00e8mes a\u00e9riens sans \u00e9quipage et de formation, capables de r\u00e9pondre \u00e0 un large \u00e9ventail de march\u00e9s a\u00e9rospatiaux. Pour plus d&#8217;informations, visitez le site : www.jauntairmobility.com et www.theairogroup.com.Nancy Richardson, Chief Communications Officer, Jaunt Air Mobility<br \/>\n+1 610-952-2595<br \/>\nnmrichardson@jauntairmobility.com<strong>A propos du CRIAQ<\/strong>Le Consortium de recherche et d&#8217;innovation en a\u00e9rospatiale au Qu\u00e9bec (CRIAQ) est un mod\u00e8le unique de recherche collaborative entre des entreprises de toutes tailles, impliquant des universit\u00e9s, des centres coll\u00e9giaux de transfert de technologie et des centres de recherche publics locaux et internationaux.<br \/>\nLe mandat confi\u00e9 au CRIAQ par le minist\u00e8re de l&#8217;\u00c9conomie, de l&#8217;Innovation et de l&#8217;\u00c9nergie du gouvernement du Qu\u00e9bec va bien au-del\u00e0 de la mise en oeuvre de programmes de financement.<br \/>\nLa mission du CRIAQ est d&#8217;accro\u00eetre la comp\u00e9titivit\u00e9 du secteur a\u00e9rospatial qu\u00e9b\u00e9cois en stimulant l&#8217;innovation technologique et l&#8217;engagement des entreprises par le biais de la recherche et du d\u00e9veloppement coop\u00e9ratifs.<br \/>\nSite internet: https:\/\/www.criaq.aero\/<\/p>\n<table border=\"1\" width=\"100%\" cellspacing=\"1\" cellpadding=\"5\">\n<tbody>\n<tr>\n<td>Ligne 1 colonne 1<\/td>\n<td>Ligne 1 colonne 2<\/td>\n<\/tr>\n<\/tbody>\n<\/table>\n","protected":false},"excerpt":{"rendered":"<p>\u00a0 \u00a0 \u00a0 \u00a0 \u00a0 Vertiko Mobilit\u00e9 et Jaunt Air Mobility se sont vu accord\u00e9 un soutien financier \u00e0 hauteur de 2 millions de dollars sur les 4,55 millions de dollars pour acc\u00e9l\u00e9rer le d\u00e9veloppement de la mobilit\u00e9 a\u00e9rienne avanc\u00e9e et permettre de d\u00e9velopper des mod\u00e8les d\u2019affaires li\u00e9s aux drones et aux taxis a\u00e9riens.Saint-Donat, Quebec;&#8230;<\/p>\n","protected":false},"author":26,"featured_media":0,"comment_status":"closed","ping_status":"closed","sticky":false,"template":"","format":"standard","meta":{"_acf_changed":false,"footnotes":""},"categories":[81],"tags":[],"class_list":["post-8220","post","type-post","status-publish","format-standard","hentry","category-projects"],"acf":[],"yoast_head":"<!-- This site is optimized with the Yoast SEO plugin v27.5 - https:\/\/yoast.com\/product\/yoast-seo-wordpress\/ -->\n<title>Projet CORRIDAIR : 2 millions de dollars accord\u00e9s par le Qu\u00e9bec pour la mobilit\u00e9 a\u00e9rienne durable - CRIAQ<\/title>\n<meta name=\"robots\" content=\"index, follow, max-snippet:-1, max-image-preview:large, max-video-preview:-1\" \/>\n<link rel=\"canonical\" href=\"https:\/\/www.criaq.aero\/en\/corridair\/\" \/>\n<meta property=\"og:locale\" content=\"en_US\" \/>\n<meta property=\"og:type\" content=\"article\" \/>\n<meta property=\"og:title\" content=\"Projet CORRIDAIR : 2 millions de dollars accord\u00e9s par le Qu\u00e9bec pour la mobilit\u00e9 a\u00e9rienne durable - CRIAQ\" \/>\n<meta property=\"og:description\" content=\"\u00a0 \u00a0 \u00a0 \u00a0 \u00a0 Vertiko Mobilit\u00e9 et Jaunt Air Mobility se sont vu accord\u00e9 un soutien financier \u00e0 hauteur de 2 millions de dollars sur les 4,55 millions de dollars pour acc\u00e9l\u00e9rer le d\u00e9veloppement de la mobilit\u00e9 a\u00e9rienne avanc\u00e9e et permettre de d\u00e9velopper des mod\u00e8les d\u2019affaires li\u00e9s aux drones et aux taxis a\u00e9riens.Saint-Donat, Quebec;...\" \/>\n<meta property=\"og:url\" content=\"https:\/\/www.criaq.aero\/en\/corridair\/\" \/>\n<meta property=\"og:site_name\" content=\"CRIAQ\" \/>\n<meta property=\"article:published_time\" content=\"2024-06-13T15:53:26+00:00\" \/>\n<meta property=\"article:modified_time\" content=\"2025-07-24T14:03:37+00:00\" \/>\n<meta property=\"og:image\" content=\"https:\/\/www.criaq.aero\/wp-content\/uploads\/2024\/06\/Vertiko_Mobilite.webp\" \/>\n\t<meta property=\"og:image:width\" content=\"342\" \/>\n\t<meta property=\"og:image:height\" content=\"136\" \/>\n\t<meta property=\"og:image:type\" content=\"image\/webp\" \/>\n<meta name=\"author\" content=\"Emma Lesenechal\" \/>\n<meta name=\"twitter:card\" content=\"summary_large_image\" \/>\n<meta name=\"twitter:label1\" content=\"Written by\" \/>\n\t<meta name=\"twitter:data1\" content=\"Emma Lesenechal\" \/>\n\t<meta name=\"twitter:label2\" content=\"Est. reading time\" \/>\n\t<meta name=\"twitter:data2\" content=\"8 minutes\" \/>\n<script type=\"application\/ld+json\" class=\"yoast-schema-graph\">{\"@context\":\"https:\\\/\\\/schema.org\",\"@graph\":[{\"@type\":\"Article\",\"@id\":\"https:\\\/\\\/www.criaq.aero\\\/en\\\/corridair\\\/#article\",\"isPartOf\":{\"@id\":\"https:\\\/\\\/www.criaq.aero\\\/en\\\/corridair\\\/\"},\"author\":{\"name\":\"Emma Lesenechal\",\"@id\":\"https:\\\/\\\/www.criaq.aero\\\/en\\\/#\\\/schema\\\/person\\\/982cc0181a1d5be1381b6583231c73b1\"},\"headline\":\"Projet CORRIDAIR : 2 millions de dollars accord\u00e9s par le Qu\u00e9bec pour la mobilit\u00e9 a\u00e9rienne durable\",\"datePublished\":\"2024-06-13T15:53:26+00:00\",\"dateModified\":\"2025-07-24T14:03:37+00:00\",\"mainEntityOfPage\":{\"@id\":\"https:\\\/\\\/www.criaq.aero\\\/en\\\/corridair\\\/\"},\"wordCount\":1545,\"image\":{\"@id\":\"https:\\\/\\\/www.criaq.aero\\\/en\\\/corridair\\\/#primaryimage\"},\"thumbnailUrl\":\"https:\\\/\\\/www.criaq.aero\\\/wp-content\\\/uploads\\\/2024\\\/06\\\/Vertiko_Mobilite-300x119.webp\",\"articleSection\":[\"Projects\"],\"inLanguage\":\"en-US\"},{\"@type\":\"WebPage\",\"@id\":\"https:\\\/\\\/www.criaq.aero\\\/en\\\/corridair\\\/\",\"url\":\"https:\\\/\\\/www.criaq.aero\\\/en\\\/corridair\\\/\",\"name\":\"Projet CORRIDAIR : 2 millions de dollars accord\u00e9s par le Qu\u00e9bec pour la mobilit\u00e9 a\u00e9rienne durable - CRIAQ\",\"isPartOf\":{\"@id\":\"https:\\\/\\\/www.criaq.aero\\\/en\\\/#website\"},\"primaryImageOfPage\":{\"@id\":\"https:\\\/\\\/www.criaq.aero\\\/en\\\/corridair\\\/#primaryimage\"},\"image\":{\"@id\":\"https:\\\/\\\/www.criaq.aero\\\/en\\\/corridair\\\/#primaryimage\"},\"thumbnailUrl\":\"https:\\\/\\\/www.criaq.aero\\\/wp-content\\\/uploads\\\/2024\\\/06\\\/Vertiko_Mobilite-300x119.webp\",\"datePublished\":\"2024-06-13T15:53:26+00:00\",\"dateModified\":\"2025-07-24T14:03:37+00:00\",\"author\":{\"@id\":\"https:\\\/\\\/www.criaq.aero\\\/en\\\/#\\\/schema\\\/person\\\/982cc0181a1d5be1381b6583231c73b1\"},\"breadcrumb\":{\"@id\":\"https:\\\/\\\/www.criaq.aero\\\/en\\\/corridair\\\/#breadcrumb\"},\"inLanguage\":\"en-US\",\"potentialAction\":[{\"@type\":\"ReadAction\",\"target\":[\"https:\\\/\\\/www.criaq.aero\\\/en\\\/corridair\\\/\"]}]},{\"@type\":\"ImageObject\",\"inLanguage\":\"en-US\",\"@id\":\"https:\\\/\\\/www.criaq.aero\\\/en\\\/corridair\\\/#primaryimage\",\"url\":\"https:\\\/\\\/www.criaq.aero\\\/wp-content\\\/uploads\\\/2024\\\/06\\\/Vertiko_Mobilite-300x119.webp\",\"contentUrl\":\"https:\\\/\\\/www.criaq.aero\\\/wp-content\\\/uploads\\\/2024\\\/06\\\/Vertiko_Mobilite-300x119.webp\"},{\"@type\":\"BreadcrumbList\",\"@id\":\"https:\\\/\\\/www.criaq.aero\\\/en\\\/corridair\\\/#breadcrumb\",\"itemListElement\":[{\"@type\":\"ListItem\",\"position\":1,\"name\":\"Accueil\",\"item\":\"https:\\\/\\\/www.criaq.aero\\\/en\\\/\"},{\"@type\":\"ListItem\",\"position\":2,\"name\":\"Projet CORRIDAIR : 2 millions de dollars accord\u00e9s par le Qu\u00e9bec pour la mobilit\u00e9 a\u00e9rienne durable\"}]},{\"@type\":\"WebSite\",\"@id\":\"https:\\\/\\\/www.criaq.aero\\\/en\\\/#website\",\"url\":\"https:\\\/\\\/www.criaq.aero\\\/en\\\/\",\"name\":\"CRIAQ\",\"description\":\"Consortium de recherche et d&#039;innovation en a\u00e9rospatiale au Qu\u00e9bec\",\"potentialAction\":[{\"@type\":\"SearchAction\",\"target\":{\"@type\":\"EntryPoint\",\"urlTemplate\":\"https:\\\/\\\/www.criaq.aero\\\/en\\\/?s={search_term_string}\"},\"query-input\":{\"@type\":\"PropertyValueSpecification\",\"valueRequired\":true,\"valueName\":\"search_term_string\"}}],\"inLanguage\":\"en-US\"},{\"@type\":\"Person\",\"@id\":\"https:\\\/\\\/www.criaq.aero\\\/en\\\/#\\\/schema\\\/person\\\/982cc0181a1d5be1381b6583231c73b1\",\"name\":\"Emma Lesenechal\",\"image\":{\"@type\":\"ImageObject\",\"inLanguage\":\"en-US\",\"@id\":\"https:\\\/\\\/www.criaq.aero\\\/wp-content\\\/litespeed\\\/avatar\\\/8b5a6ed80dac065322da3d6e18779e01.jpg?ver=1777405842\",\"url\":\"https:\\\/\\\/www.criaq.aero\\\/wp-content\\\/litespeed\\\/avatar\\\/8b5a6ed80dac065322da3d6e18779e01.jpg?ver=1777405842\",\"contentUrl\":\"https:\\\/\\\/www.criaq.aero\\\/wp-content\\\/litespeed\\\/avatar\\\/8b5a6ed80dac065322da3d6e18779e01.jpg?ver=1777405842\",\"caption\":\"Emma Lesenechal\"},\"url\":\"https:\\\/\\\/www.criaq.aero\\\/en\\\/author\\\/emma\\\/\"}]}<\/script>\n<!-- \/ Yoast SEO plugin. -->","yoast_head_json":{"title":"Projet CORRIDAIR : 2 millions de dollars accord\u00e9s par le Qu\u00e9bec pour la mobilit\u00e9 a\u00e9rienne durable - CRIAQ","robots":{"index":"index","follow":"follow","max-snippet":"max-snippet:-1","max-image-preview":"max-image-preview:large","max-video-preview":"max-video-preview:-1"},"canonical":"https:\/\/www.criaq.aero\/en\/corridair\/","og_locale":"en_US","og_type":"article","og_title":"Projet CORRIDAIR : 2 millions de dollars accord\u00e9s par le Qu\u00e9bec pour la mobilit\u00e9 a\u00e9rienne durable - CRIAQ","og_description":"\u00a0 \u00a0 \u00a0 \u00a0 \u00a0 Vertiko Mobilit\u00e9 et Jaunt Air Mobility se sont vu accord\u00e9 un soutien financier \u00e0 hauteur de 2 millions de dollars sur les 4,55 millions de dollars pour acc\u00e9l\u00e9rer le d\u00e9veloppement de la mobilit\u00e9 a\u00e9rienne avanc\u00e9e et permettre de d\u00e9velopper des mod\u00e8les d\u2019affaires li\u00e9s aux drones et aux taxis a\u00e9riens.Saint-Donat, Quebec;...","og_url":"https:\/\/www.criaq.aero\/en\/corridair\/","og_site_name":"CRIAQ","article_published_time":"2024-06-13T15:53:26+00:00","article_modified_time":"2025-07-24T14:03:37+00:00","og_image":[{"width":342,"height":136,"url":"https:\/\/www.criaq.aero\/wp-content\/uploads\/2024\/06\/Vertiko_Mobilite.webp","type":"image\/webp"}],"author":"Emma Lesenechal","twitter_card":"summary_large_image","twitter_misc":{"Written by":"Emma Lesenechal","Est. reading time":"8 minutes"},"schema":{"@context":"https:\/\/schema.org","@graph":[{"@type":"Article","@id":"https:\/\/www.criaq.aero\/en\/corridair\/#article","isPartOf":{"@id":"https:\/\/www.criaq.aero\/en\/corridair\/"},"author":{"name":"Emma Lesenechal","@id":"https:\/\/www.criaq.aero\/en\/#\/schema\/person\/982cc0181a1d5be1381b6583231c73b1"},"headline":"Projet CORRIDAIR : 2 millions de dollars accord\u00e9s par le Qu\u00e9bec pour la mobilit\u00e9 a\u00e9rienne durable","datePublished":"2024-06-13T15:53:26+00:00","dateModified":"2025-07-24T14:03:37+00:00","mainEntityOfPage":{"@id":"https:\/\/www.criaq.aero\/en\/corridair\/"},"wordCount":1545,"image":{"@id":"https:\/\/www.criaq.aero\/en\/corridair\/#primaryimage"},"thumbnailUrl":"https:\/\/www.criaq.aero\/wp-content\/uploads\/2024\/06\/Vertiko_Mobilite-300x119.webp","articleSection":["Projects"],"inLanguage":"en-US"},{"@type":"WebPage","@id":"https:\/\/www.criaq.aero\/en\/corridair\/","url":"https:\/\/www.criaq.aero\/en\/corridair\/","name":"Projet CORRIDAIR : 2 millions de dollars accord\u00e9s par le Qu\u00e9bec pour la mobilit\u00e9 a\u00e9rienne durable - CRIAQ","isPartOf":{"@id":"https:\/\/www.criaq.aero\/en\/#website"},"primaryImageOfPage":{"@id":"https:\/\/www.criaq.aero\/en\/corridair\/#primaryimage"},"image":{"@id":"https:\/\/www.criaq.aero\/en\/corridair\/#primaryimage"},"thumbnailUrl":"https:\/\/www.criaq.aero\/wp-content\/uploads\/2024\/06\/Vertiko_Mobilite-300x119.webp","datePublished":"2024-06-13T15:53:26+00:00","dateModified":"2025-07-24T14:03:37+00:00","author":{"@id":"https:\/\/www.criaq.aero\/en\/#\/schema\/person\/982cc0181a1d5be1381b6583231c73b1"},"breadcrumb":{"@id":"https:\/\/www.criaq.aero\/en\/corridair\/#breadcrumb"},"inLanguage":"en-US","potentialAction":[{"@type":"ReadAction","target":["https:\/\/www.criaq.aero\/en\/corridair\/"]}]},{"@type":"ImageObject","inLanguage":"en-US","@id":"https:\/\/www.criaq.aero\/en\/corridair\/#primaryimage","url":"https:\/\/www.criaq.aero\/wp-content\/uploads\/2024\/06\/Vertiko_Mobilite-300x119.webp","contentUrl":"https:\/\/www.criaq.aero\/wp-content\/uploads\/2024\/06\/Vertiko_Mobilite-300x119.webp"},{"@type":"BreadcrumbList","@id":"https:\/\/www.criaq.aero\/en\/corridair\/#breadcrumb","itemListElement":[{"@type":"ListItem","position":1,"name":"Accueil","item":"https:\/\/www.criaq.aero\/en\/"},{"@type":"ListItem","position":2,"name":"Projet CORRIDAIR : 2 millions de dollars accord\u00e9s par le Qu\u00e9bec pour la mobilit\u00e9 a\u00e9rienne durable"}]},{"@type":"WebSite","@id":"https:\/\/www.criaq.aero\/en\/#website","url":"https:\/\/www.criaq.aero\/en\/","name":"CRIAQ","description":"Consortium de recherche et d&#039;innovation en a\u00e9rospatiale au Qu\u00e9bec","potentialAction":[{"@type":"SearchAction","target":{"@type":"EntryPoint","urlTemplate":"https:\/\/www.criaq.aero\/en\/?s={search_term_string}"},"query-input":{"@type":"PropertyValueSpecification","valueRequired":true,"valueName":"search_term_string"}}],"inLanguage":"en-US"},{"@type":"Person","@id":"https:\/\/www.criaq.aero\/en\/#\/schema\/person\/982cc0181a1d5be1381b6583231c73b1","name":"Emma Lesenechal","image":{"@type":"ImageObject","inLanguage":"en-US","@id":"https:\/\/www.criaq.aero\/wp-content\/litespeed\/avatar\/8b5a6ed80dac065322da3d6e18779e01.jpg?ver=1777405842","url":"https:\/\/www.criaq.aero\/wp-content\/litespeed\/avatar\/8b5a6ed80dac065322da3d6e18779e01.jpg?ver=1777405842","contentUrl":"https:\/\/www.criaq.aero\/wp-content\/litespeed\/avatar\/8b5a6ed80dac065322da3d6e18779e01.jpg?ver=1777405842","caption":"Emma Lesenechal"},"url":"https:\/\/www.criaq.aero\/en\/author\/emma\/"}]}},"_links":{"self":[{"href":"https:\/\/www.criaq.aero\/en\/wp-json\/wp\/v2\/posts\/8220","targetHints":{"allow":["GET"]}}],"collection":[{"href":"https:\/\/www.criaq.aero\/en\/wp-json\/wp\/v2\/posts"}],"about":[{"href":"https:\/\/www.criaq.aero\/en\/wp-json\/wp\/v2\/types\/post"}],"author":[{"embeddable":true,"href":"https:\/\/www.criaq.aero\/en\/wp-json\/wp\/v2\/users\/26"}],"replies":[{"embeddable":true,"href":"https:\/\/www.criaq.aero\/en\/wp-json\/wp\/v2\/comments?post=8220"}],"version-history":[{"count":3,"href":"https:\/\/www.criaq.aero\/en\/wp-json\/wp\/v2\/posts\/8220\/revisions"}],"predecessor-version":[{"id":8227,"href":"https:\/\/www.criaq.aero\/en\/wp-json\/wp\/v2\/posts\/8220\/revisions\/8227"}],"wp:attachment":[{"href":"https:\/\/www.criaq.aero\/en\/wp-json\/wp\/v2\/media?parent=8220"}],"wp:term":[{"taxonomy":"category","embeddable":true,"href":"https:\/\/www.criaq.aero\/en\/wp-json\/wp\/v2\/categories?post=8220"},{"taxonomy":"post_tag","embeddable":true,"href":"https:\/\/www.criaq.aero\/en\/wp-json\/wp\/v2\/tags?post=8220"}],"curies":[{"name":"wp","href":"https:\/\/api.w.org\/{rel}","templated":true}]}}