{"id":9699,"date":"2025-02-27T15:46:12","date_gmt":"2025-02-27T20:46:12","guid":{"rendered":"https:\/\/www.criaq.aero\/le-rdv-forum-2025-du-criaq-linnovation-pour-affronter-les-defis-mondiaux\/"},"modified":"2025-07-24T10:02:42","modified_gmt":"2025-07-24T14:02:42","slug":"le-rdv-forum-2025-du-criaq-linnovation-pour-affronter-les-defis-mondiaux","status":"publish","type":"post","link":"https:\/\/www.criaq.aero\/en\/criaq-rdvforum2025-innovation-to-tackle-global-challenges\/","title":{"rendered":"The CRIAQ RDV Forum 2025: Innovation to Tackle Global Challenges"},"content":{"rendered":"<p style=\"text-align: right;\"><b><span data-contrast=\"auto\">Press Release<\/span><\/b><span data-ccp-props=\"{&quot;335551550&quot;:3,&quot;335551620&quot;:3}\">\u00a0<\/span><\/p>\n<p><b><span data-contrast=\"auto\">The CRIAQ RDV Forum 2025: Innovation to Tackle Global Challenges<\/span><\/b><span data-ccp-props=\"{&quot;335551550&quot;:2,&quot;335551620&quot;:2}\">\u00a0<\/span><\/p>\n<p><b><span data-contrast=\"auto\">Montreal, February 26, 2025<\/span><\/b><span data-contrast=\"auto\"> \u2013 On February 25 and 26, the Consortium for Research and Innovation in Aerospace in Quebec (CRIAQ) held the 13th edition of the RDV Forum at the Grand Quai of the Port of Montreal, a flagship event for Quebec&#8217;s aerospace sector. Over 500 innovators, including around fifty from Europe, Asia, and the United States, participated\u2014setting a record attendance since its inception.<\/span><span data-ccp-props=\"{}\">\u00a0<\/span><\/p>\n<p><b><span data-contrast=\"auto\">The RDV Forum: A Catalyst for Engagement and Talent<\/span><\/b><span data-ccp-props=\"{}\">\u00a0<\/span><\/p>\n<p><span data-contrast=\"auto\">With the support of some 30 partners from the private, academic, and institutional sectors, the RDV Forum has established itself as a true catalyst for collective engagement within the ecosystem. The event featured more than 35 speakers who shared their expertise on four major themes: decarbonization, advanced air mobility, digital aviation systems, and the role of women in the aerospace sector.<\/span><span data-ccp-props=\"{}\">\u00a0<\/span><\/p>\n<p><span data-contrast=\"auto\">Among the highlights, presentations of about 60 project ideas sparked significant interest, and the competition &#8220;My Thesis in Aero in 180 Seconds&#8221; brilliantly showcased the promising talent of emerging researchers.<\/span><span data-ccp-props=\"{}\">\u00a0<\/span><\/p>\n<p><b><span data-contrast=\"auto\">Strategic Partnerships and Initiatives to Propel Aerospace<\/span><\/b><span data-ccp-props=\"{}\">\u00a0<\/span><\/p>\n<p><span data-contrast=\"auto\">Partnerships were also formalized during the RDV Forum, including:<\/span><span data-ccp-props=\"{}\">\u00a0<\/span><\/p>\n<ul>\n<li><span data-contrast=\"auto\">A strategic partnership agreement between CRIAQ and Espace A\u00e9ro, the aerospace innovation zone in Quebec, valued at $300,000 for a three-year mandate. This includes, among other things, the leadership and facilitation of the Strategic Scientific Committee and the development of collaborative research projects with pan-Canadian and international reach. The partners are also committed to working together on deliverables, activities, and strategic initiatives to accelerate the deployment of Espace A\u00e9ro.<\/span><span data-ccp-props=\"{}\">\u00a0<\/span><\/li>\n<li><span data-contrast=\"auto\">A co-funding agreement for scholarships between the Fonds de recherche du Qu\u00e9bec (FRQ) and CRIAQ totaling $165,000, divided into two components:<\/span><span data-ccp-props=\"{}\">\u00a0<\/span>\n<ul>\n<li><span data-contrast=\"auto\">Women in Aerospace: This program is dedicated to supporting women in choosing university studies in aerospace. It includes five master&#8217;s scholarships and five doctoral scholarships, with a total value of $125,000.<\/span><span data-ccp-props=\"{}\">\u00a0<\/span><\/li>\n<li><span data-contrast=\"auto\">Postdoctoral Level \u2014 Sustainable Aerospace: This program aims to support the completion of a postdoctoral study project of at least 12 months, with a grant of $40,000.<\/span><span data-ccp-props=\"{}\">\u00a0<\/span><\/li>\n<\/ul>\n<\/li>\n<li><span data-contrast=\"auto\">A collaboration agreement between the Quebec Innovation Council and CRIAQ to develop an overview of the aerospace industry in Quebec.<\/span><span data-ccp-props=\"{}\">\u00a0<\/span><\/li>\n<li><span data-contrast=\"auto\">An enhanced collaboration agreement between the Initiative for Sustainable Aviation Technology (INSAT) and CRIAQ to streamline the co-funding process for collaborative research and development projects in aerospace, building on the tools and funding levers available to both organizations.<\/span><span data-ccp-props=\"{}\">\u00a0<\/span><\/li>\n<\/ul>\n<p><b><span data-contrast=\"auto\">Innovation to Boost Aerospace Sector Competitiveness in Quebec<\/span><\/b><span data-ccp-props=\"{}\">\u00a0<\/span><\/p>\n<p><span data-contrast=\"auto\">This edition highlighted the crucial role of innovation and collaborative research as a key driver to increase the competitiveness of Quebec&#8217;s aerospace sector, as well as to meet the demands for productivity growth and the development of new markets. Among the means fostering innovation, collaborative research\u2014a unique model in Quebec\u2014maximizes synergies between research organizations (including universities and college centers for the transfer of technologies) and businesses in their research and development efforts.<\/span><span data-ccp-props=\"{}\">\u00a0<\/span><\/p>\n<p><span data-contrast=\"auto\">The key themes of the RDV Forum, such as decarbonization and advanced air mobility, were at the heart of the discussions, emphasizing their pivotal role in the global development of the sector, where Quebec holds significant advantages. With most of its production destined for export, maintaining this enviable position requires a dynamic innovation ecosystem capable of developing new collaborations and talent.<\/span><span data-ccp-props=\"{}\">\u00a0<\/span><\/p>\n<p><span data-contrast=\"auto\">The CRIAQ RDV Forum also fosters collaboration between the aerospace innovation ecosystem and those from other sectors, such as electrification, quantum and digital technologies, and advanced materials, reinforcing Quebec&#8217;s ambition to become a global hub for the development of advanced air mobility.<\/span><span data-ccp-props=\"{}\">\u00a0<\/span><\/p>\n<p><b><span data-contrast=\"auto\">Citations<\/span><\/b><span data-ccp-props=\"{}\">\u00a0<\/span><\/p>\n<blockquote><p><i><span data-contrast=\"auto\">\u201cThe aerospace sector is one of Quebec\u2019s great strengths, and that\u2019s one of the reasons we supported the launch of the Espace A\u00e9ro innovation zone. Thanks to dynamic organizations like CRIAQ we can stimulate innovation, collaborative research, and synergies among industry players, and propel Quebec as a global leader in this sector.\u201d<\/span><\/i><span data-contrast=\"auto\"> \u2014 Christine Fr\u00e9chette, Minister of Economy, Innovation, and Energy, and Minister responsible for the Montreal Metropolitan Area<\/span><span data-ccp-props=\"{}\">\u00a0<\/span><\/p>\n<p><i><span data-contrast=\"auto\">\u201cIn Quebec, we are fortunate to rely on an internationally renowned aerospace industry, supported by a dynamic and innovative ecosystem. Our government is proud to stimulate interest in this strategic sector, particularly among the next generation of women, and to support the talents who will design the aerospace of tomorrow.\u201d<\/span><\/i><span data-contrast=\"auto\"> \u2014 Christopher Skeete, Deputy Minister for the Economy, Minister responsible for Combating Racism, and Minister responsible for the Laval region<\/span><span data-ccp-props=\"{}\">\u00a0<\/span><\/p>\n<p><i><span data-contrast=\"auto\">\u201cThe RDV Forum once again demonstrated the strength of our aerospace innovation ecosystem. The strategic partnerships and initiatives announced illustrate our commitment to propelling the industry in a transforming, competitive environment. By bringing together sector experts to discuss challenges and opportunities, we strengthen Quebec&#8217;s position as a global leader in the development of advanced aeronautical technologies.\u201d<\/span><\/i><span data-contrast=\"auto\"> \u2014 Guillaume C\u00f4t\u00e9, PhD, President and CEO, CRIAQ<\/span><span data-ccp-props=\"{}\">\u00a0<\/span><\/p>\n<p><i><span data-contrast=\"auto\">\u201cBy joining forces with CRIAQ, we are opening the door to new opportunities to propel Quebec&#8217;s aerospace industry. The strategic partnership between Espace A\u00e9ro and CRIAQ will further embed collaborative research at the core of our innovation zone, thus accelerating the development of cutting-edge solutions that will strengthen Quebec\u2019s position on the international aerospace stage.\u201d<\/span><\/i><span data-contrast=\"auto\"> \u2014 M\u00e9lanie Lussier, President and CEO of A\u00e9ro Montr\u00e9al<\/span><span data-ccp-props=\"{}\">\u00a0<\/span><\/p>\n<p><i><span data-contrast=\"auto\">\u201cIn these uncertain times, it is important to be able to count on collaboration among aerospace ecosystem partners to develop agreements that provide research capacity and drive innovation, with a long-term vision as much as possible. Aligned with our mission to support emerging researchers, particularly women in STEM, the agreement between FRQ and CRIAQ to co-finance excellence scholarships will support the sustainable and concrete development of the sector. I am also pleased to highlight the agreement with MEIE for the deployment of a research program in the Espace A\u00e9ro Innovation Zone, a true asset to propel aerospace even further.\u201d <\/span><\/i><span data-contrast=\"auto\">\u2014 R\u00e9mi Quirion, O.C., C.Q., Ph.D., m.s.r.c., Chief Scientist of Quebec, President and CEO, Fonds de recherche du Qu\u00e9bec (FRQ)<\/span><span data-ccp-props=\"{}\">\u00a0<\/span><\/p>\n<p><i><span data-contrast=\"auto\">\u201cTo develop an industry with insight, one must clearly understand its challenges and opportunities and take informed action. CRIAQ and aerospace sector leaders, with the support of the Quebec Innovation Council, will be able to equip themselves and act to advance this highly strategic sector and maintain Quebec\u2019s position internationally among the best nations in the world.\u201d <\/span><\/i><span data-contrast=\"auto\">\u2014 Luc Sirois, Chief Innovator of Quebec, Quebec Innovation Council (CIQ)<\/span><span data-ccp-props=\"{}\">\u00a0<\/span><\/p>\n<p><i><span data-contrast=\"auto\">\u201cWe want, in Quebec as well as across Canada, to collaborate with other innovation organizations to ensure optimal resource use to support the aerospace industry. Today is the perfect opportunity to begin this work with CRIAQ to better align our respective programs.\u201d<\/span><\/i><span data-contrast=\"auto\"> \u2014 Michel Dion, President and CEO of the Initiative for Sustainable Aviation Technology (INSAT)<\/span><span data-ccp-props=\"{}\">\u00a0<\/span><\/p><\/blockquote>\n<p><b><span data-contrast=\"auto\">About the RDV Forum<\/span><\/b><span data-ccp-props=\"{}\">\u00a0<\/span><\/p>\n<p><span data-contrast=\"auto\">In response to today\u2019s and tomorrow\u2019s challenges, the RDV Forum is the premier venue for creating and supporting interdisciplinary and intersectoral cooperation to accelerate developments focused on society\u2019s needs for new products and services in air mobility. The event brings together professionals committed to establishing strategic partnerships and shaping a promising future for the aerospace industry through conferences, innovative project ideas, and networking sessions.<\/span><span data-ccp-props=\"{}\">\u00a0<\/span><\/p>\n<p><b><span data-contrast=\"auto\">About CRIAQ (criaq.aero)<\/span><\/b><span data-ccp-props=\"{}\">\u00a0<\/span><\/p>\n<p><span data-contrast=\"auto\">The Consortium for Research and Innovation in Aerospace in Quebec (CRIAQ) is a unique model of collaborative aerospace research involving companies of all sizes, universities, and research centers. Its mission is to increase the competitiveness of the aerospace industry by stimulating innovation in businesses through collaborative R&amp;D. It also aims to develop a new generation of innovators to strengthen Quebec\u2019s technological leadership in cutting-edge aerospace applications: digital aviation, future air mobility, and sustainable aerospace.<\/span><span data-ccp-props=\"{}\">\u00a0<\/span><\/p>\n<p><img decoding=\"async\" class=\"alignleft wp-image-9691 size-large lazyload\" data-src=\"https:\/\/www.criaq.aero\/wp-content\/uploads\/2025\/02\/criaq-annonce-1-1024x290.png\" alt=\"\" width=\"1024\" height=\"290\" data-srcset=\"https:\/\/www.criaq.aero\/wp-content\/uploads\/2025\/02\/criaq-annonce-1-1024x290.png 1024w, https:\/\/www.criaq.aero\/wp-content\/uploads\/2025\/02\/criaq-annonce-1-300x85.png 300w, https:\/\/www.criaq.aero\/wp-content\/uploads\/2025\/02\/criaq-annonce-1-768x217.png 768w, https:\/\/www.criaq.aero\/wp-content\/uploads\/2025\/02\/criaq-annonce-1-1536x435.png 1536w, https:\/\/www.criaq.aero\/wp-content\/uploads\/2025\/02\/criaq-annonce-1-350x100.png 350w, https:\/\/www.criaq.aero\/wp-content\/uploads\/2025\/02\/criaq-annonce-1.png 1653w\" data-sizes=\"(max-width: 1024px) 100vw, 1024px\" src=\"data:image\/svg+xml;base64,PHN2ZyB3aWR0aD0iMSIgaGVpZ2h0PSIxIiB4bWxucz0iaHR0cDovL3d3dy53My5vcmcvMjAwMC9zdmciPjwvc3ZnPg==\" style=\"--smush-placeholder-width: 1024px; --smush-placeholder-aspect-ratio: 1024\/290;\" \/><\/p>\n<p><span class=\"TextRun SCXW226892911 BCX8\" lang=\"EN-CA\" xml:lang=\"EN-CA\" data-contrast=\"auto\"><span class=\"NormalTextRun SCXW226892911 BCX8\">Source: Consortium for Research and Innovation in Aerospace in Quebec (CRIAQ)<\/span><\/span><span class=\"LineBreakBlob BlobObject DragDrop SCXW226892911 BCX8\"><span class=\"SCXW226892911 BCX8\">\u00a0<\/span><br class=\"SCXW226892911 BCX8\" \/><\/span><span class=\"TextRun SCXW226892911 BCX8\" lang=\"EN-CA\" xml:lang=\"EN-CA\" data-contrast=\"auto\"><span class=\"NormalTextRun SCXW226892911 BCX8\">Information and Interviews: St\u00e9phanie Dion, stephanie.dion@criaq.aero, (514) 825-5145<\/span><\/span><span class=\"EOP SCXW226892911 BCX8\" data-ccp-props=\"{}\">\u00a0<\/span><\/p>\n","protected":false},"excerpt":{"rendered":"<p>Montreal, February 26, 2025 \u2013 On February 25 and 26, the Consortium for Research and Innovation in Aerospace in Quebec (CRIAQ) held the 13th edition of the RDV Forum at the Grand Quai of the Port of Montreal, a flagship event for Quebec&#8217;s aerospace sector. Over 500 innovators, including around fifty from Europe, Asia, and the United States, participated\u2014setting a record attendance since its inception.\u00a0<\/p>\n","protected":false},"author":26,"featured_media":9696,"comment_status":"closed","ping_status":"closed","sticky":false,"template":"","format":"standard","meta":{"_acf_changed":false,"footnotes":""},"categories":[106],"tags":[],"class_list":["post-9699","post","type-post","status-publish","format-standard","has-post-thumbnail","hentry","category-event"],"acf":[],"yoast_head":"<!-- This site is optimized with the Yoast SEO plugin v27.5 - https:\/\/yoast.com\/product\/yoast-seo-wordpress\/ -->\n<title>The CRIAQ RDV Forum 2025: Innovation to Tackle Global Challenges - CRIAQ<\/title>\n<meta name=\"robots\" content=\"index, follow, max-snippet:-1, max-image-preview:large, max-video-preview:-1\" \/>\n<link rel=\"canonical\" href=\"https:\/\/www.criaq.aero\/en\/criaq-rdvforum2025-innovation-to-tackle-global-challenges\/\" \/>\n<meta property=\"og:locale\" content=\"en_US\" \/>\n<meta property=\"og:type\" content=\"article\" \/>\n<meta property=\"og:title\" content=\"The CRIAQ RDV Forum 2025: Innovation to Tackle Global Challenges - CRIAQ\" \/>\n<meta property=\"og:description\" content=\"Montreal, February 26, 2025 \u2013 On February 25 and 26, the Consortium for Research and Innovation in Aerospace in Quebec (CRIAQ) held the 13th edition of the RDV Forum at the Grand Quai of the Port of Montreal, a flagship event for Quebec&#039;s aerospace sector. Over 500 innovators, including around fifty from Europe, Asia, and the United States, participated\u2014setting a record attendance since its inception.\u00a0\" \/>\n<meta property=\"og:url\" content=\"https:\/\/www.criaq.aero\/en\/criaq-rdvforum2025-innovation-to-tackle-global-challenges\/\" \/>\n<meta property=\"og:site_name\" content=\"CRIAQ\" \/>\n<meta property=\"article:published_time\" content=\"2025-02-27T20:46:12+00:00\" \/>\n<meta property=\"article:modified_time\" content=\"2025-07-24T14:02:42+00:00\" \/>\n<meta property=\"og:image\" content=\"https:\/\/www.criaq.aero\/wp-content\/uploads\/2025\/02\/L1_2253-e1740690348672.jpg\" \/>\n\t<meta property=\"og:image:width\" content=\"1920\" \/>\n\t<meta property=\"og:image:height\" content=\"1280\" \/>\n\t<meta property=\"og:image:type\" content=\"image\/jpeg\" \/>\n<meta name=\"author\" content=\"Emma Lesenechal\" \/>\n<meta name=\"twitter:card\" content=\"summary_large_image\" \/>\n<meta name=\"twitter:label1\" content=\"Written by\" \/>\n\t<meta name=\"twitter:data1\" content=\"Emma Lesenechal\" \/>\n\t<meta name=\"twitter:label2\" content=\"Est. reading time\" \/>\n\t<meta name=\"twitter:data2\" content=\"5 minutes\" \/>\n<script type=\"application\/ld+json\" class=\"yoast-schema-graph\">{\"@context\":\"https:\\\/\\\/schema.org\",\"@graph\":[{\"@type\":\"Article\",\"@id\":\"https:\\\/\\\/www.criaq.aero\\\/en\\\/criaq-rdvforum2025-innovation-to-tackle-global-challenges\\\/#article\",\"isPartOf\":{\"@id\":\"https:\\\/\\\/www.criaq.aero\\\/en\\\/criaq-rdvforum2025-innovation-to-tackle-global-challenges\\\/\"},\"author\":{\"name\":\"Emma Lesenechal\",\"@id\":\"https:\\\/\\\/www.criaq.aero\\\/en\\\/#\\\/schema\\\/person\\\/982cc0181a1d5be1381b6583231c73b1\"},\"headline\":\"The CRIAQ RDV Forum 2025: Innovation to Tackle Global Challenges\",\"datePublished\":\"2025-02-27T20:46:12+00:00\",\"dateModified\":\"2025-07-24T14:02:42+00:00\",\"mainEntityOfPage\":{\"@id\":\"https:\\\/\\\/www.criaq.aero\\\/en\\\/criaq-rdvforum2025-innovation-to-tackle-global-challenges\\\/\"},\"wordCount\":1284,\"image\":{\"@id\":\"https:\\\/\\\/www.criaq.aero\\\/en\\\/criaq-rdvforum2025-innovation-to-tackle-global-challenges\\\/#primaryimage\"},\"thumbnailUrl\":\"https:\\\/\\\/www.criaq.aero\\\/wp-content\\\/uploads\\\/2025\\\/02\\\/L1_2253-e1740690348672.jpg\",\"articleSection\":[\"Event\"],\"inLanguage\":\"en-US\"},{\"@type\":\"WebPage\",\"@id\":\"https:\\\/\\\/www.criaq.aero\\\/en\\\/criaq-rdvforum2025-innovation-to-tackle-global-challenges\\\/\",\"url\":\"https:\\\/\\\/www.criaq.aero\\\/en\\\/criaq-rdvforum2025-innovation-to-tackle-global-challenges\\\/\",\"name\":\"The CRIAQ RDV Forum 2025: Innovation to Tackle Global Challenges - CRIAQ\",\"isPartOf\":{\"@id\":\"https:\\\/\\\/www.criaq.aero\\\/en\\\/#website\"},\"primaryImageOfPage\":{\"@id\":\"https:\\\/\\\/www.criaq.aero\\\/en\\\/criaq-rdvforum2025-innovation-to-tackle-global-challenges\\\/#primaryimage\"},\"image\":{\"@id\":\"https:\\\/\\\/www.criaq.aero\\\/en\\\/criaq-rdvforum2025-innovation-to-tackle-global-challenges\\\/#primaryimage\"},\"thumbnailUrl\":\"https:\\\/\\\/www.criaq.aero\\\/wp-content\\\/uploads\\\/2025\\\/02\\\/L1_2253-e1740690348672.jpg\",\"datePublished\":\"2025-02-27T20:46:12+00:00\",\"dateModified\":\"2025-07-24T14:02:42+00:00\",\"author\":{\"@id\":\"https:\\\/\\\/www.criaq.aero\\\/en\\\/#\\\/schema\\\/person\\\/982cc0181a1d5be1381b6583231c73b1\"},\"breadcrumb\":{\"@id\":\"https:\\\/\\\/www.criaq.aero\\\/en\\\/criaq-rdvforum2025-innovation-to-tackle-global-challenges\\\/#breadcrumb\"},\"inLanguage\":\"en-US\",\"potentialAction\":[{\"@type\":\"ReadAction\",\"target\":[\"https:\\\/\\\/www.criaq.aero\\\/en\\\/criaq-rdvforum2025-innovation-to-tackle-global-challenges\\\/\"]}]},{\"@type\":\"ImageObject\",\"inLanguage\":\"en-US\",\"@id\":\"https:\\\/\\\/www.criaq.aero\\\/en\\\/criaq-rdvforum2025-innovation-to-tackle-global-challenges\\\/#primaryimage\",\"url\":\"https:\\\/\\\/www.criaq.aero\\\/wp-content\\\/uploads\\\/2025\\\/02\\\/L1_2253-e1740690348672.jpg\",\"contentUrl\":\"https:\\\/\\\/www.criaq.aero\\\/wp-content\\\/uploads\\\/2025\\\/02\\\/L1_2253-e1740690348672.jpg\",\"width\":1920,\"height\":1280},{\"@type\":\"BreadcrumbList\",\"@id\":\"https:\\\/\\\/www.criaq.aero\\\/en\\\/criaq-rdvforum2025-innovation-to-tackle-global-challenges\\\/#breadcrumb\",\"itemListElement\":[{\"@type\":\"ListItem\",\"position\":1,\"name\":\"Accueil\",\"item\":\"https:\\\/\\\/www.criaq.aero\\\/en\\\/\"},{\"@type\":\"ListItem\",\"position\":2,\"name\":\"The CRIAQ RDV Forum 2025: Innovation to Tackle Global Challenges\"}]},{\"@type\":\"WebSite\",\"@id\":\"https:\\\/\\\/www.criaq.aero\\\/en\\\/#website\",\"url\":\"https:\\\/\\\/www.criaq.aero\\\/en\\\/\",\"name\":\"CRIAQ\",\"description\":\"Consortium de recherche et d&#039;innovation en a\u00e9rospatiale au Qu\u00e9bec\",\"potentialAction\":[{\"@type\":\"SearchAction\",\"target\":{\"@type\":\"EntryPoint\",\"urlTemplate\":\"https:\\\/\\\/www.criaq.aero\\\/en\\\/?s={search_term_string}\"},\"query-input\":{\"@type\":\"PropertyValueSpecification\",\"valueRequired\":true,\"valueName\":\"search_term_string\"}}],\"inLanguage\":\"en-US\"},{\"@type\":\"Person\",\"@id\":\"https:\\\/\\\/www.criaq.aero\\\/en\\\/#\\\/schema\\\/person\\\/982cc0181a1d5be1381b6583231c73b1\",\"name\":\"Emma Lesenechal\",\"image\":{\"@type\":\"ImageObject\",\"inLanguage\":\"en-US\",\"@id\":\"https:\\\/\\\/www.criaq.aero\\\/wp-content\\\/litespeed\\\/avatar\\\/8b5a6ed80dac065322da3d6e18779e01.jpg?ver=1777405842\",\"url\":\"https:\\\/\\\/www.criaq.aero\\\/wp-content\\\/litespeed\\\/avatar\\\/8b5a6ed80dac065322da3d6e18779e01.jpg?ver=1777405842\",\"contentUrl\":\"https:\\\/\\\/www.criaq.aero\\\/wp-content\\\/litespeed\\\/avatar\\\/8b5a6ed80dac065322da3d6e18779e01.jpg?ver=1777405842\",\"caption\":\"Emma Lesenechal\"},\"url\":\"https:\\\/\\\/www.criaq.aero\\\/en\\\/author\\\/emma\\\/\"}]}<\/script>\n<!-- \/ Yoast SEO plugin. -->","yoast_head_json":{"title":"The CRIAQ RDV Forum 2025: Innovation to Tackle Global Challenges - CRIAQ","robots":{"index":"index","follow":"follow","max-snippet":"max-snippet:-1","max-image-preview":"max-image-preview:large","max-video-preview":"max-video-preview:-1"},"canonical":"https:\/\/www.criaq.aero\/en\/criaq-rdvforum2025-innovation-to-tackle-global-challenges\/","og_locale":"en_US","og_type":"article","og_title":"The CRIAQ RDV Forum 2025: Innovation to Tackle Global Challenges - CRIAQ","og_description":"Montreal, February 26, 2025 \u2013 On February 25 and 26, the Consortium for Research and Innovation in Aerospace in Quebec (CRIAQ) held the 13th edition of the RDV Forum at the Grand Quai of the Port of Montreal, a flagship event for Quebec's aerospace sector. Over 500 innovators, including around fifty from Europe, Asia, and the United States, participated\u2014setting a record attendance since its inception.\u00a0","og_url":"https:\/\/www.criaq.aero\/en\/criaq-rdvforum2025-innovation-to-tackle-global-challenges\/","og_site_name":"CRIAQ","article_published_time":"2025-02-27T20:46:12+00:00","article_modified_time":"2025-07-24T14:02:42+00:00","og_image":[{"width":1920,"height":1280,"url":"https:\/\/www.criaq.aero\/wp-content\/uploads\/2025\/02\/L1_2253-e1740690348672.jpg","type":"image\/jpeg"}],"author":"Emma Lesenechal","twitter_card":"summary_large_image","twitter_misc":{"Written by":"Emma Lesenechal","Est. reading time":"5 minutes"},"schema":{"@context":"https:\/\/schema.org","@graph":[{"@type":"Article","@id":"https:\/\/www.criaq.aero\/en\/criaq-rdvforum2025-innovation-to-tackle-global-challenges\/#article","isPartOf":{"@id":"https:\/\/www.criaq.aero\/en\/criaq-rdvforum2025-innovation-to-tackle-global-challenges\/"},"author":{"name":"Emma Lesenechal","@id":"https:\/\/www.criaq.aero\/en\/#\/schema\/person\/982cc0181a1d5be1381b6583231c73b1"},"headline":"The CRIAQ RDV Forum 2025: Innovation to Tackle Global Challenges","datePublished":"2025-02-27T20:46:12+00:00","dateModified":"2025-07-24T14:02:42+00:00","mainEntityOfPage":{"@id":"https:\/\/www.criaq.aero\/en\/criaq-rdvforum2025-innovation-to-tackle-global-challenges\/"},"wordCount":1284,"image":{"@id":"https:\/\/www.criaq.aero\/en\/criaq-rdvforum2025-innovation-to-tackle-global-challenges\/#primaryimage"},"thumbnailUrl":"https:\/\/www.criaq.aero\/wp-content\/uploads\/2025\/02\/L1_2253-e1740690348672.jpg","articleSection":["Event"],"inLanguage":"en-US"},{"@type":"WebPage","@id":"https:\/\/www.criaq.aero\/en\/criaq-rdvforum2025-innovation-to-tackle-global-challenges\/","url":"https:\/\/www.criaq.aero\/en\/criaq-rdvforum2025-innovation-to-tackle-global-challenges\/","name":"The CRIAQ RDV Forum 2025: Innovation to Tackle Global Challenges - CRIAQ","isPartOf":{"@id":"https:\/\/www.criaq.aero\/en\/#website"},"primaryImageOfPage":{"@id":"https:\/\/www.criaq.aero\/en\/criaq-rdvforum2025-innovation-to-tackle-global-challenges\/#primaryimage"},"image":{"@id":"https:\/\/www.criaq.aero\/en\/criaq-rdvforum2025-innovation-to-tackle-global-challenges\/#primaryimage"},"thumbnailUrl":"https:\/\/www.criaq.aero\/wp-content\/uploads\/2025\/02\/L1_2253-e1740690348672.jpg","datePublished":"2025-02-27T20:46:12+00:00","dateModified":"2025-07-24T14:02:42+00:00","author":{"@id":"https:\/\/www.criaq.aero\/en\/#\/schema\/person\/982cc0181a1d5be1381b6583231c73b1"},"breadcrumb":{"@id":"https:\/\/www.criaq.aero\/en\/criaq-rdvforum2025-innovation-to-tackle-global-challenges\/#breadcrumb"},"inLanguage":"en-US","potentialAction":[{"@type":"ReadAction","target":["https:\/\/www.criaq.aero\/en\/criaq-rdvforum2025-innovation-to-tackle-global-challenges\/"]}]},{"@type":"ImageObject","inLanguage":"en-US","@id":"https:\/\/www.criaq.aero\/en\/criaq-rdvforum2025-innovation-to-tackle-global-challenges\/#primaryimage","url":"https:\/\/www.criaq.aero\/wp-content\/uploads\/2025\/02\/L1_2253-e1740690348672.jpg","contentUrl":"https:\/\/www.criaq.aero\/wp-content\/uploads\/2025\/02\/L1_2253-e1740690348672.jpg","width":1920,"height":1280},{"@type":"BreadcrumbList","@id":"https:\/\/www.criaq.aero\/en\/criaq-rdvforum2025-innovation-to-tackle-global-challenges\/#breadcrumb","itemListElement":[{"@type":"ListItem","position":1,"name":"Accueil","item":"https:\/\/www.criaq.aero\/en\/"},{"@type":"ListItem","position":2,"name":"The CRIAQ RDV Forum 2025: Innovation to Tackle Global Challenges"}]},{"@type":"WebSite","@id":"https:\/\/www.criaq.aero\/en\/#website","url":"https:\/\/www.criaq.aero\/en\/","name":"CRIAQ","description":"Consortium de recherche et d&#039;innovation en a\u00e9rospatiale au Qu\u00e9bec","potentialAction":[{"@type":"SearchAction","target":{"@type":"EntryPoint","urlTemplate":"https:\/\/www.criaq.aero\/en\/?s={search_term_string}"},"query-input":{"@type":"PropertyValueSpecification","valueRequired":true,"valueName":"search_term_string"}}],"inLanguage":"en-US"},{"@type":"Person","@id":"https:\/\/www.criaq.aero\/en\/#\/schema\/person\/982cc0181a1d5be1381b6583231c73b1","name":"Emma Lesenechal","image":{"@type":"ImageObject","inLanguage":"en-US","@id":"https:\/\/www.criaq.aero\/wp-content\/litespeed\/avatar\/8b5a6ed80dac065322da3d6e18779e01.jpg?ver=1777405842","url":"https:\/\/www.criaq.aero\/wp-content\/litespeed\/avatar\/8b5a6ed80dac065322da3d6e18779e01.jpg?ver=1777405842","contentUrl":"https:\/\/www.criaq.aero\/wp-content\/litespeed\/avatar\/8b5a6ed80dac065322da3d6e18779e01.jpg?ver=1777405842","caption":"Emma Lesenechal"},"url":"https:\/\/www.criaq.aero\/en\/author\/emma\/"}]}},"_links":{"self":[{"href":"https:\/\/www.criaq.aero\/en\/wp-json\/wp\/v2\/posts\/9699","targetHints":{"allow":["GET"]}}],"collection":[{"href":"https:\/\/www.criaq.aero\/en\/wp-json\/wp\/v2\/posts"}],"about":[{"href":"https:\/\/www.criaq.aero\/en\/wp-json\/wp\/v2\/types\/post"}],"author":[{"embeddable":true,"href":"https:\/\/www.criaq.aero\/en\/wp-json\/wp\/v2\/users\/26"}],"replies":[{"embeddable":true,"href":"https:\/\/www.criaq.aero\/en\/wp-json\/wp\/v2\/comments?post=9699"}],"version-history":[{"count":4,"href":"https:\/\/www.criaq.aero\/en\/wp-json\/wp\/v2\/posts\/9699\/revisions"}],"predecessor-version":[{"id":9728,"href":"https:\/\/www.criaq.aero\/en\/wp-json\/wp\/v2\/posts\/9699\/revisions\/9728"}],"wp:featuredmedia":[{"embeddable":true,"href":"https:\/\/www.criaq.aero\/en\/wp-json\/wp\/v2\/media\/9696"}],"wp:attachment":[{"href":"https:\/\/www.criaq.aero\/en\/wp-json\/wp\/v2\/media?parent=9699"}],"wp:term":[{"taxonomy":"category","embeddable":true,"href":"https:\/\/www.criaq.aero\/en\/wp-json\/wp\/v2\/categories?post=9699"},{"taxonomy":"post_tag","embeddable":true,"href":"https:\/\/www.criaq.aero\/en\/wp-json\/wp\/v2\/tags?post=9699"}],"curies":[{"name":"wp","href":"https:\/\/api.w.org\/{rel}","templated":true}]}}